{"id":3358,"date":"2020-01-15T16:38:12","date_gmt":"2020-01-15T15:38:12","guid":{"rendered":"https:\/\/www.tempsdepause.ch\/solfar\/?p=3358"},"modified":"2021-07-16T12:50:34","modified_gmt":"2021-07-16T10:50:34","slug":"combien-de-temps-est-ce-que-je-souhaite-etre-independant-du-reseau-electrique","status":"publish","type":"post","link":"https:\/\/www.tempsdepause.ch\/solfar\/combien-de-temps-est-ce-que-je-souhaite-etre-independant-du-reseau-electrique\/","title":{"rendered":"Combien de temps est-ce que je souhaite \u00eatre ind\u00e9pendant du r\u00e9seau \u00e9lectrique ?"},"content":{"rendered":"\t\t<div data-elementor-type=\"wp-post\" data-elementor-id=\"3358\" class=\"elementor elementor-3358\">\n\t\t\t\t\t\t<section class=\"elementor-section elementor-top-section elementor-element elementor-element-950a32a elementor-section-boxed elementor-section-height-default elementor-section-height-default\" data-id=\"950a32a\" data-element_type=\"section\" data-e-type=\"section\">\n\t\t\t\t\t\t<div class=\"elementor-container elementor-column-gap-default\">\n\t\t\t\t\t<div class=\"elementor-column elementor-col-100 elementor-top-column elementor-element elementor-element-9efde2f\" data-id=\"9efde2f\" data-element_type=\"column\" data-e-type=\"column\">\n\t\t\t<div class=\"elementor-widget-wrap elementor-element-populated\">\n\t\t\t\t\t\t<div class=\"elementor-element elementor-element-5e81590 elementor-widget elementor-widget-heading\" data-id=\"5e81590\" data-element_type=\"widget\" data-e-type=\"widget\" data-widget_type=\"heading.default\">\n\t\t\t\t<div class=\"elementor-widget-container\">\n\t\t\t\t\t<h2 class=\"elementor-heading-title elementor-size-default\">Autonomie \u00e9lectrique<\/h2>\t\t\t\t<\/div>\n\t\t\t\t<\/div>\n\t\t\t\t\t<\/div>\n\t\t<\/div>\n\t\t\t\t\t<\/div>\n\t\t<\/section>\n\t\t\t\t<section class=\"elementor-section elementor-top-section elementor-element elementor-element-c19c78b elementor-section-boxed elementor-section-height-default elementor-section-height-default\" data-id=\"c19c78b\" data-element_type=\"section\" data-e-type=\"section\">\n\t\t\t\t\t\t<div class=\"elementor-container elementor-column-gap-default\">\n\t\t\t\t\t<div class=\"elementor-column elementor-col-100 elementor-top-column elementor-element elementor-element-af5ab77\" data-id=\"af5ab77\" data-element_type=\"column\" data-e-type=\"column\">\n\t\t\t<div class=\"elementor-widget-wrap elementor-element-populated\">\n\t\t\t\t\t\t<div class=\"elementor-element elementor-element-005bad8 elementor-widget elementor-widget-text-editor\" data-id=\"005bad8\" data-element_type=\"widget\" data-e-type=\"widget\" data-widget_type=\"text-editor.default\">\n\t\t\t\t<div class=\"elementor-widget-container\">\n\t\t\t\t\t\t\t\t\t<p>La principale question porte souvent sur la fr\u00e9quence et la dur\u00e9e des p\u00e9riodes d\u2019autarcie \u00e9lectrique. Quel est mon besoin effectif d\u2019autonomie en \u00e9nergie \u00e9lectrique? <span class=\"Apple-converted-space\">\u00a0<\/span><\/p><p>La r\u00e9ponse d\u00e9pend uniquement de l\u2019effort que doit fournir le r\u00e9frig\u00e9rateur du California. Car la pompe, l\u2019\u00e9clairage consomme tr\u00e8s peu. Le frigo consomme environ 3.2 A mais la fr\u00e9quence d\u2019utilisation horaire d\u00e9pend de la temp\u00e9rature externe, de l\u2019ensoleillement sur la face droite du v\u00e9hicule, de la couleur de la peinture et de l\u2019\u00e2ge du capitaine et son besoin de boisson fraiche. Pas besoin de formule math\u00e9matique pour comprendre que par une belle journ\u00e9e d\u2019\u00e9t\u00e9 avec 35\u00b0C \u00e0 l\u2019ombre le frigo va fonctionner presque en continu 20h sur 24. En Laponie la temp\u00e9rature avoisine les 12\u00b0C par temps ensoleill\u00e9. C\u2019est plut\u00f4t le chauffage qui pourrait tourner un moment le matin.<\/p><p>Avec des batteries auxiliaires en bon \u00e9tat l\u2019autonomie des 2 x 75 Ah utilis\u00e9es au maximum \u00e9 50% nous donnent 75 Ah d\u2019utilisables. Soit presque 24 heures d\u2019utilisation du frigo en continu. Donc en \u00e9t\u00e9 l\u2019autonomie est d\u2019un jour au sud et de 2 ou 3 jours au nord.<\/p><p>Si on utilisait une batterie Lithium de 100Ah utilisable \u00e0 98% sans risque, on arriverait \u00e0 30 heures d\u2019utilisation du frigo en continu. Cela repr\u00e9sente dans la pratique 2-3 bons jours d\u2019autonomie. Ce qui est suffisant, car normalement avec un California on ne reste pas plus longtemps sans bouger loin de tout. Et il serait couteux, mais possible de remplacer nos deux batteries AGM par des lithiums LiFePO4 de 100Ah soit 3 \u00e0 5 jours avec la bi\u00e8re au froid. Apr\u00e8s il faudra bien bouger le bus pour remplir le frigo.<\/p><p>Sans se focaliser uniquement sur l\u2019autonomie des batteries, les panneaux solaires sont particuli\u00e8rement recommand\u00e9s. Avec d\u00e9j\u00e0 100Wa sur le toit la batterie est bien moins sollicit\u00e9e est vivra plus longtemps et avec 200Wa l\u2019autonomie est compl\u00e8te.<\/p><p>Pour les recharges des smartphones, j\u2019ai install\u00e9 une prise USB proche de la lampe en dessus du frigo et pour les autres besoins en 230 Volts comme le MacBook et les piles des appareils photo et les batteries des e-bike. \u00a0j\u2019utilise un convertisseur de 600W install\u00e9 au haut de la penderie. Pourquoi pas utiliser le convertisseur d\u2019origine ? Je n\u2019y fais pas confiance, la sinuso\u00efde est hachur\u00e9e avec des piques un peu n\u00e9fastes pour certains appareils.<\/p>\t\t\t\t\t\t\t\t<\/div>\n\t\t\t\t<\/div>\n\t\t\t\t\t<\/div>\n\t\t<\/div>\n\t\t\t\t\t<\/div>\n\t\t<\/section>\n\t\t\t\t<section class=\"elementor-section elementor-top-section elementor-element elementor-element-6aad1e0 elementor-section-boxed elementor-section-height-default elementor-section-height-default\" data-id=\"6aad1e0\" data-element_type=\"section\" data-e-type=\"section\">\n\t\t\t\t\t\t<div class=\"elementor-container elementor-column-gap-default\">\n\t\t\t\t\t<div class=\"elementor-column elementor-col-100 elementor-top-column elementor-element elementor-element-2e1892c\" data-id=\"2e1892c\" data-element_type=\"column\" data-e-type=\"column\">\n\t\t\t<div class=\"elementor-widget-wrap elementor-element-populated\">\n\t\t\t\t\t\t<div class=\"elementor-element elementor-element-51abce6 elementor-widget elementor-widget-image\" data-id=\"51abce6\" data-element_type=\"widget\" data-e-type=\"widget\" data-widget_type=\"image.default\">\n\t\t\t\t<div class=\"elementor-widget-container\">\n\t\t\t\t\t\t\t\t\t\t\t\t\t\t\t<img fetchpriority=\"high\" decoding=\"async\" width=\"492\" height=\"542\" src=\"https:\/\/www.tempsdepause.ch\/solfar\/wp-content\/uploads\/2019\/10\/VotronicLCD.png\" class=\"attachment-large size-large wp-image-1296\" alt=\"\" srcset=\"https:\/\/www.tempsdepause.ch\/solfar\/wp-content\/uploads\/2019\/10\/VotronicLCD.png 492w, https:\/\/www.tempsdepause.ch\/solfar\/wp-content\/uploads\/2019\/10\/VotronicLCD-454x500.png 454w\" sizes=\"(max-width: 492px) 100vw, 492px\" \/>\t\t\t\t\t\t\t\t\t\t\t\t\t\t\t<\/div>\n\t\t\t\t<\/div>\n\t\t\t\t\t<\/div>\n\t\t<\/div>\n\t\t\t\t\t<\/div>\n\t\t<\/section>\n\t\t\t\t<\/div>\n\t\t","protected":false},"excerpt":{"rendered":"<p>Autonomie \u00e9lectrique La principale question porte souvent sur la fr\u00e9quence et la dur\u00e9e des p\u00e9riodes d\u2019autarcie \u00e9lectrique. Quel est mon besoin effectif d\u2019autonomie en \u00e9nergie \u00e9lectrique? \u00a0 La r\u00e9ponse d\u00e9pend uniquement de l\u2019effort que doit fournir le r\u00e9frig\u00e9rateur du California. Car la pompe, l\u2019\u00e9clairage consomme tr\u00e8s peu. Le frigo consomme environ 3.2 A mais la fr\u00e9quence d\u2019utilisation horaire d\u00e9pend de la temp\u00e9rature externe, de l\u2019ensoleillement sur la face droite du v\u00e9hicule, de la couleur de la peinture et de l\u2019\u00e2ge [&hellip;]<\/p>\n","protected":false},"author":2,"featured_media":1222,"comment_status":"open","ping_status":"closed","sticky":false,"template":"","format":"standard","meta":{"footnotes":""},"categories":[52],"tags":[],"class_list":["post-3358","post","type-post","status-publish","format-standard","has-post-thumbnail","hentry","category-amenagements"],"_links":{"self":[{"href":"https:\/\/www.tempsdepause.ch\/solfar\/wp-json\/wp\/v2\/posts\/3358","targetHints":{"allow":["GET"]}}],"collection":[{"href":"https:\/\/www.tempsdepause.ch\/solfar\/wp-json\/wp\/v2\/posts"}],"about":[{"href":"https:\/\/www.tempsdepause.ch\/solfar\/wp-json\/wp\/v2\/types\/post"}],"author":[{"embeddable":true,"href":"https:\/\/www.tempsdepause.ch\/solfar\/wp-json\/wp\/v2\/users\/2"}],"replies":[{"embeddable":true,"href":"https:\/\/www.tempsdepause.ch\/solfar\/wp-json\/wp\/v2\/comments?post=3358"}],"version-history":[{"count":3,"href":"https:\/\/www.tempsdepause.ch\/solfar\/wp-json\/wp\/v2\/posts\/3358\/revisions"}],"predecessor-version":[{"id":21562,"href":"https:\/\/www.tempsdepause.ch\/solfar\/wp-json\/wp\/v2\/posts\/3358\/revisions\/21562"}],"wp:featuredmedia":[{"embeddable":true,"href":"https:\/\/www.tempsdepause.ch\/solfar\/wp-json\/wp\/v2\/media\/1222"}],"wp:attachment":[{"href":"https:\/\/www.tempsdepause.ch\/solfar\/wp-json\/wp\/v2\/media?parent=3358"}],"wp:term":[{"taxonomy":"category","embeddable":true,"href":"https:\/\/www.tempsdepause.ch\/solfar\/wp-json\/wp\/v2\/categories?post=3358"},{"taxonomy":"post_tag","embeddable":true,"href":"https:\/\/www.tempsdepause.ch\/solfar\/wp-json\/wp\/v2\/tags?post=3358"}],"curies":[{"name":"wp","href":"https:\/\/api.w.org\/{rel}","templated":true}]}}